{"id":11194,"date":"2026-04-30T23:23:26","date_gmt":"2026-05-01T04:23:26","guid":{"rendered":"https:\/\/www.ledcmn.org\/mayo-es-el-mes-nacional-de-los-pequenos-negocios\/"},"modified":"2026-04-30T23:23:26","modified_gmt":"2026-05-01T04:23:26","slug":"mayo-es-el-mes-nacional-de-los-pequenos-negocios","status":"publish","type":"post","link":"https:\/\/www.ledcmn.org\/es\/mayo-es-el-mes-nacional-de-los-pequenos-negocios\/","title":{"rendered":"Mayo es el Mes Nacional de los Peque\u00f1os Negocios"},"content":{"rendered":"\n<h4 class=\"wp-block-heading\">Mensaje de nuestra Directora Ejecutiva <\/h4>\n\n<p>Mayo es el Mes Nacional de los Peque\u00f1os Negocios, y es una de nuestras \u00e9pocas favoritas del a\u00f1o en LEDC porque nos recuerda por qu\u00e9 hacemos este trabajo.<\/p>\n\n<p>Los peque\u00f1os negocios son el coraz\u00f3n de nuestras comunidades: desde los tamales hechos a mano antes del amanecer, hasta la peluquer\u00eda donde los vecinos se ponen al d\u00eda, o la tienda familiar que pasa de generaci\u00f3n en generaci\u00f3n \ud83c\udfea. Detr\u00e1s de cada negocio hay un sue\u00f1o, una familia y un impacto duradero en la comunidad. <\/p>\n\n<p>Este mes, estamos aqu\u00ed para celebrar el esp\u00edritu emprendedor.<\/p>\n\n<div style=\"height:30px\" aria-hidden=\"true\" class=\"wp-block-spacer\"><\/div>\n\n<h5 class=\"wp-block-heading\">Aqu\u00ed hay algunas formas sencillas de apoyar a los peque\u00f1os negocios en mayo y durante todo el a\u00f1o:<\/h5>\n\n<p><strong>\u2022 Compre local primero. <\/strong>Antes de acudir a una gran cadena, vea si un peque\u00f1o negocio local tiene lo que necesita<\/p>\n\n<p><strong>\u2022 Deje una rese\u00f1a.<\/strong> Una rese\u00f1a de cinco estrellas en l\u00ednea puede marcar una gran diferencia<\/p>\n\n<p><strong>\u2022 Comparta en redes sociales.<\/strong> Etiquete a sus negocios favoritos y cuente por qu\u00e9 le gustan<\/p>\n\n<p><strong>\u2022 Recomiende a un amigo. <\/strong>El boca a boca sigue siendo una de las herramientas m\u00e1s poderosas<\/p>\n\n<p><strong>\u2022 Asista a mercados y eventos comunitarios. <\/strong>Su presencia y sus compras importan<\/p>\n\n<div style=\"height:30px\" aria-hidden=\"true\" class=\"wp-block-spacer\"><\/div>\n\n<p>Hablando de mercados comunitarios, nos entusiasma compartir que la construcci\u00f3n de Plaza del Sol est\u00e1 cerca de completarse este mes de mayo. Este nuevo mercado comunitario celebrar\u00e1 la cultura, la comida y la conexi\u00f3n, y no podr\u00edamos estar m\u00e1s orgullosos. <\/p>\n\n<p><strong>\u00c1rea gastron\u00f3mica (Food Hall).<\/strong> Actualmente estamos reclutando negocios para nuestra \u00e1rea gastron\u00f3mica, que contar\u00e1 con dos restaurantes y tres puestos de comida. Si usted o alguien que conoce es un emprendedor apasionado por la comida\u2014o sue\u00f1a con serlo\u2014\u00a1nos encantar\u00eda saber de usted! Visite <a href=\"https:\/\/plazadelsolmn.org\/es\/\" target=\"_blank\" rel=\"noreferrer noopener\">www.PlazaDelSolMN.org<\/a> para m\u00e1s informaci\u00f3n.  <\/p>\n\n<p><strong>Cocina comercial compartida (Commissary Kitchen).<\/strong> \u00bfYa est\u00e1 cocinando? Nuestra cocina comercial disponible 24\/7 puede facilitar su trabajo. Puede programar tiempo en la cocina, ya sea que necesite unas horas para preparar un evento de catering o turnos regulares para aumentar su producci\u00f3n.  <\/p>\n\n<p>Plaza del Sol es una oportunidad para los emprendedores y un destino para la comunidad. Es una muestra de que cuando invertimos en peque\u00f1os negocios, suceden cosas extraordinarias.  <\/p>\n\n<p>Nos encantar\u00eda que forme parte de esto.<br\/>Vis\u00edtenos cuando abramos. Compre a nuestros vendedores. Corra la voz. Aplique para un espacio o planifique su visita en <a href=\"https:\/\/plazadelsolmn.org\/es\/\" target=\"_blank\" rel=\"noreferrer noopener\">www.PlazaDelSolMN.org<\/a>.   <\/p>\n\n<div style=\"height:30px\" aria-hidden=\"true\" class=\"wp-block-spacer\"><\/div>\n\n<p>Con gratitud,<\/p>\n\n<p><strong>Alma Flores<\/strong>, Directora Ejecutiva<br\/>LEDC Minnesota<\/p>\n\n<p><\/p>\n","protected":false},"excerpt":{"rendered":"<p>Mensaje de nuestra Directora Ejecutiva Mayo es el Mes Nacional de los Peque\u00f1os Negocios, y es una de nuestras \u00e9pocas favoritas del a\u00f1o en LEDC porque nos recuerda por qu\u00e9 hacemos este trabajo. Los peque\u00f1os negocios son el coraz\u00f3n de nuestras comunidades: desde los tamales hechos a mano antes del amanecer, hasta la peluquer\u00eda donde [&hellip;]<\/p>\n","protected":false},"author":1,"featured_media":11193,"comment_status":"closed","ping_status":"open","sticky":false,"template":"","format":"standard","meta":{"_monsterinsights_skip_tracking":false,"_monsterinsights_sitenote_active":false,"_monsterinsights_sitenote_note":"","_monsterinsights_sitenote_category":0,"footnotes":""},"categories":[17],"tags":[],"class_list":["post-11194","post","type-post","status-publish","format-standard","has-post-thumbnail","hentry","category-noticias"],"_links":{"self":[{"href":"https:\/\/www.ledcmn.org\/es\/wp-json\/wp\/v2\/posts\/11194","targetHints":{"allow":["GET"]}}],"collection":[{"href":"https:\/\/www.ledcmn.org\/es\/wp-json\/wp\/v2\/posts"}],"about":[{"href":"https:\/\/www.ledcmn.org\/es\/wp-json\/wp\/v2\/types\/post"}],"author":[{"embeddable":true,"href":"https:\/\/www.ledcmn.org\/es\/wp-json\/wp\/v2\/users\/1"}],"replies":[{"embeddable":true,"href":"https:\/\/www.ledcmn.org\/es\/wp-json\/wp\/v2\/comments?post=11194"}],"version-history":[{"count":1,"href":"https:\/\/www.ledcmn.org\/es\/wp-json\/wp\/v2\/posts\/11194\/revisions"}],"predecessor-version":[{"id":11195,"href":"https:\/\/www.ledcmn.org\/es\/wp-json\/wp\/v2\/posts\/11194\/revisions\/11195"}],"wp:featuredmedia":[{"embeddable":true,"href":"https:\/\/www.ledcmn.org\/es\/wp-json\/wp\/v2\/media\/11193"}],"wp:attachment":[{"href":"https:\/\/www.ledcmn.org\/es\/wp-json\/wp\/v2\/media?parent=11194"}],"wp:term":[{"taxonomy":"category","embeddable":true,"href":"https:\/\/www.ledcmn.org\/es\/wp-json\/wp\/v2\/categories?post=11194"},{"taxonomy":"post_tag","embeddable":true,"href":"https:\/\/www.ledcmn.org\/es\/wp-json\/wp\/v2\/tags?post=11194"}],"curies":[{"name":"wp","href":"https:\/\/api.w.org\/{rel}","templated":true}]}}