{"id":10538,"date":"2026-01-14T15:17:11","date_gmt":"2026-01-14T21:17:11","guid":{"rendered":"https:\/\/www.ledcmn.org\/sin-categorizar\/recursos-comunitarios-para-familias-inmigrantes-y-negocios-latinos\/"},"modified":"2026-02-27T16:14:42","modified_gmt":"2026-02-27T22:14:42","slug":"recursos-comunitarios-para-familias-inmigrantes-y-negocios-latinos","status":"publish","type":"post","link":"https:\/\/www.ledcmn.org\/es\/recursos-comunitarios-para-familias-inmigrantes-y-negocios-latinos\/","title":{"rendered":"Recursos Comunitarios para Familias Inmigrantes y Negocios Latinos"},"content":{"rendered":"\n<h5 class=\"wp-block-heading\">Apoyo y orientaci\u00f3n ante el aumento de la actividad de ICE en Minnesota<\/h5>\n\n<p>La reciente intensificaci\u00f3n de las acciones de control migratorio en Minnesota ha generado miedo, incertidumbre y dificultades econ\u00f3micas reales para familias inmigrantes y negocios de propiedad latina. En momentos como estos, contar con informaci\u00f3n clara, confiable y accesible es fundamental. <\/p>\n\n<p>El Centro para el Desarrollo Econ\u00f3mico Latino (LEDC) est\u00e1 con nuestra comunidad. A continuaci\u00f3n, compartimos una lista integral de recursos confiables para asistencia legal, apoyo en emergencias, acceso a alimentos, estabilidad de vivienda, salud mental y preparaci\u00f3n familiar. <\/p>\n\n<p>Por favor, comparte esta informaci\u00f3n.<\/p>\n\n<div style=\"height:30px\" aria-hidden=\"true\" class=\"wp-block-spacer\"><\/div>\n\n<h4 class=\"wp-block-heading\">\ud83d\udea8 Solicitudes de subvenciones del Fondo de Ayuda de Emergencia:<\/h4>\n\n<p>LEDC desea asegurarse de que las empresas que atraviesan dificultades debido a la reciente actividad de ICE reciban la ayuda que necesitan, y r\u00e1pidamente. Por ello, hemos simplificado el proceso de solicitud de subvenciones para comprender la situaci\u00f3n de cada propietario de negocio y brindar el apoyo financiero oportuno. Si necesita apoyo financiero para mantener su negocio durante este dif\u00edcil per\u00edodo, le invitamos a solicitarlo.  <\/p>\n\n<div class=\"wp-block-buttons is-layout-flex wp-block-buttons-is-layout-flex\">\n<div class=\"wp-block-button\"><a class=\"wp-block-button__link has-white-color has-black-background-color has-text-color has-background has-link-color wp-element-button\" href=\"https:\/\/ledcmn.tfaforms.net\/44\" style=\"border-top-left-radius:0px;border-top-right-radius:0px;border-bottom-left-radius:0px;border-bottom-right-radius:0px\" target=\"_blank\" rel=\"noreferrer noopener\">APLIQUE AQU\u00cd<\/a><\/div>\n<\/div>\n\n<div style=\"height:35px\" aria-hidden=\"true\" class=\"wp-block-spacer\"><\/div>\n\n<h4 class=\"wp-block-heading\">\ud83d\udea8 Fondo de Respuesta Econ\u00f3mica \u2013 Subsidios Disponibles:<\/h4>\n\n<p>LEDC, en colaboraci\u00f3n con Minneapolis Foundation, est\u00e1 apoyando a los negocios en Minnesota con fondos de estabilizaci\u00f3n a corto plazo ante interrupciones recientes. Si tu negocio ha sufrido reducci\u00f3n de ingresos, interrupciones laborales o cierres temporales, podr\u00edas calificar para apoyo. <\/p>\n\n<p><strong>El plazo inicial de solicitud de subvenciones de Respuesta Econ\u00f3mica para peque\u00f1as empresas cerrar\u00e1 a las 16:30 CST del mi\u00e9rcoles 4 de marzo. <\/strong><\/p>\n\n<p>Hemos recibido una respuesta abrumadora \u2014casi 2000 solicitudes en dos semanas\u2014, lo que subraya la gran necesidad de estos fondos. Para distribuir nuestros limitados fondos de forma r\u00e1pida y eficiente, dejaremos de aceptar nuevas solicitudes el 4 de marzo mientras nuestros socios revisan las solicitudes y toman decisiones sobre las subvenciones. <\/p>\n\n<p>Si la financiaci\u00f3n lo permite, es posible que se ofrezca una segunda fase de subvenciones del Fondo de Respuesta Econ\u00f3mica en el futuro.<\/p>\n\n<div class=\"wp-block-buttons is-layout-flex wp-block-buttons-is-layout-flex\">\n<div class=\"wp-block-button\"><a class=\"wp-block-button__link has-white-color has-black-background-color has-text-color has-background has-link-color wp-element-button\" href=\"https:\/\/www.minneapolisfoundation.org\/stories\/community-issues\/economic-response-grants\/\" style=\"border-top-left-radius:0px;border-top-right-radius:0px;border-bottom-left-radius:0px;border-bottom-right-radius:0px\" target=\"_blank\" rel=\"noreferrer noopener\">M\u00c1S INFORMACI\u00d3N Y SOLICITUD AQU\u00cd<\/a><\/div>\n<\/div>\n\n<div style=\"height:62px\" aria-hidden=\"true\" class=\"wp-block-spacer\"><\/div>\n\n<h4 class=\"wp-block-heading\">\u2696\ufe0f Recursos de Inmigraci\u00f3n y Asistencia Legal<\/h4>\n\n<div style=\"height:30px\" aria-hidden=\"true\" class=\"wp-block-spacer\"><\/div>\n\n<h5 class=\"wp-block-heading\">Immigrant Law Center of Minnesota (ILCM)<\/h5>\n\n<p>Asistencia legal, apoyo en el proceso de admisi\u00f3n (intake) y referidos.<\/p>\n\n<ul class=\"wp-block-list\">\n<li>\ud83c\udf10<a href=\"https:\/\/www.ilcm.org?utm_source=chatgpt.com\" target=\"_blank\" rel=\"noreferrer noopener\"> https:\/\/www.ilcm.org<\/a><\/li>\n\n\n\n<li>\ud83d\udcde L\u00ednea de admisi\u00f3n: <strong>1-800-223-1368<\/strong><\/li>\n\n\n\n<li>\ud83d\udcde Si una persona ha sido detenida por ICE o si llamas por alguien detenido: <strong>651-641-1011<\/strong><\/li>\n\n\n\n<li>\ud83d\udd52 <strong>Horario para llamadas sobre personas detenidas:<\/strong>\n<ul class=\"wp-block-list\">\n<li>Lunes: 2:00\u20134:00 p.m.<\/li>\n\n\n\n<li>Jueves: 1:00\u20133:00 p.m.<\/li>\n<\/ul>\n<\/li>\n<\/ul>\n\n<div style=\"height:30px\" aria-hidden=\"true\" class=\"wp-block-spacer\"><\/div>\n\n<h5 class=\"wp-block-heading\">Localizador de Personas Detenidas por ICE<\/h5>\n\n<p>Utiliza esta herramienta para localizar a alguien detenido por ICE:<br\/>\ud83c\udf10<a href=\"https:\/\/locator.ice.gov\/odls\/#\/search\" target=\"_blank\" rel=\"noreferrer noopener\">https:\/\/locator.ice.gov\/odls\/#\/search<\/a><\/p>\n\n<div style=\"height:30px\" aria-hidden=\"true\" class=\"wp-block-spacer\"><\/div>\n\n<h5 class=\"wp-block-heading\">Informaci\u00f3n sobre Audiencias en la Corte de Inmigraci\u00f3n<\/h5>\n\n<p>Usando el <strong>N\u00famero A<\/strong>, puedes consultar fechas de audiencias:<\/p>\n\n<ul class=\"wp-block-list\">\n<li>\ud83c\udf10<a href=\"https:\/\/acis.eoir.justice.gov\/en\/\" target=\"_blank\" rel=\"noreferrer noopener\"> https:\/\/acis.eoir.justice.gov\/en\/<\/a><\/li>\n\n\n\n<li>\ud83d\udcde 1-800-898-7180<\/li>\n<\/ul>\n\n<div style=\"height:30px\" aria-hidden=\"true\" class=\"wp-block-spacer\"><\/div>\n\n<h5 class=\"wp-block-heading\">Mid-Minnesota Legal Aid \u2013 Proyecto de Inmigraci\u00f3n<\/h5>\n\n<p>\ud83d\udcde <strong>612-335-1441<\/strong><\/p>\n\n<div style=\"height:30px\" aria-hidden=\"true\" class=\"wp-block-spacer\"><\/div>\n\n<h5 class=\"wp-block-heading\">Mid-Minnesota Legal Aid (Servicios Generales)<\/h5>\n\n<p>Asistencia legal civil gratuita o de bajo costo, incluyendo inmigraci\u00f3n.<br\/>\ud83c\udf10<a href=\"https:\/\/mylegalaid.org\/get-help\" target=\"_blank\" rel=\"noreferrer noopener\">https:\/\/mylegalaid.org\/get-help<br\/><\/a>\ud83d\udcde <strong>1-877-696-6529<\/strong><\/p>\n\n<div style=\"height:30px\" aria-hidden=\"true\" class=\"wp-block-spacer\"><\/div>\n\n<h5 class=\"wp-block-heading\"><strong>Central Minnesota Legal Services<\/strong><\/h5>\n\n<p>Asistencia legal integral.<br\/>\ud83c\udf10<a href=\"https:\/\/www.centralmnlegal.org\" target=\"_blank\" rel=\"noreferrer noopener\">https:\/\/www.centralmnlegal.org<br\/><\/a>\ud83d\udcde <strong>612-332-8151<\/strong><\/p>\n\n<div style=\"height:30px\" aria-hidden=\"true\" class=\"wp-block-spacer\"><\/div>\n\n<h5 class=\"wp-block-heading\">Minnesota Immigration Legal Services Hub<\/h5>\n\n<p>Coordinaci\u00f3n estatal de servicios legales y referidos.<br\/>\ud83c\udf10<a href=\"https:\/\/www.lawhelpmn.org\" target=\"_blank\" rel=\"noreferrer noopener\">https:\/\/www.lawhelpmn.org<\/a><\/p>\n\n<div style=\"height:30px\" aria-hidden=\"true\" class=\"wp-block-spacer\"><\/div>\n\n<h5 class=\"wp-block-heading\">The Immigrant Defense Network (IDN)<\/h5>\n\n<p>Red nacional de coordinaci\u00f3n y defensa.<br\/>\ud83c\udf10<a href=\"https:\/\/immigrantdefensenetwork.org\" target=\"_blank\" rel=\"noreferrer noopener\">https:\/\/immigrantdefensenetwork.org<\/a><\/p>\n\n<div style=\"height:30px\" aria-hidden=\"true\" class=\"wp-block-spacer\"><\/div>\n\n<h5 class=\"wp-block-heading\">Minnesota Immigrants Rights Action Committee (MIRAC)<\/h5>\n\n<p>Recursos para defensa contra la deportaci\u00f3n y conexiones de apoyo a nivel nacional.<br\/>\ud83c\udf10<a href=\"https:\/\/www.miracmn.com\/resources\" target=\"_blank\" rel=\"noreferrer noopener\">https:\/\/www.miracmn.com\/resources<br\/><\/a>\ud83d\udcde <strong>612-888-6472<\/strong><\/p>\n\n<div style=\"height:50px\" aria-hidden=\"true\" class=\"wp-block-spacer\"><\/div>\n\n<h4 class=\"wp-block-heading\">\ud83e\udd1d Apoyo de Ayuda Mutua <\/h4>\n\n<p>Grupos locales de ayuda mutua ofrecen apoyo entre vecinos, que incluye:<\/p>\n\n<ul class=\"wp-block-list\">\n<li>Interpretaci\u00f3n<\/li>\n\n\n\n<li>Transporte a la escuela, trabajo o citas<\/li>\n\n\n\n<li>Compras de alimentos y diligencias<\/li>\n\n\n\n<li>Cuidado de ni\u00f1os y mascotas<\/li>\n\n\n\n<li>Apoyo financiero y de vivienda<\/li>\n\n\n\n<li>Servicios legales y notariales<\/li>\n\n\n\n<li>Impresiones, apoyo para empleo, preparaci\u00f3n de alimentos y orientaci\u00f3n m\u00e9dica<\/li>\n<\/ul>\n\n<div style=\"height:10px\" aria-hidden=\"true\" class=\"wp-block-spacer\"><\/div>\n\n<p>La disponibilidad puede variar, pero la comunidad est\u00e1 respondiendo con urgencia y solidaridad.<\/p>\n\n<div style=\"height:50px\" aria-hidden=\"true\" class=\"wp-block-spacer\"><\/div>\n\n<h4 class=\"wp-block-heading\">\ud83d\udccc Preparaci\u00f3n y Planificaci\u00f3n Familiar<\/h4>\n\n<p>Considera preparar lo siguiente:<\/p>\n\n<ul class=\"wp-block-list\">\n<li><strong>Delegaci\u00f3n de Autoridad Parental (DOPA)<\/strong><br\/>Permite designar a una persona para cuidar de tus hijos si t\u00fa no puedes hacerlo.<br\/>M\u00e1s informaci\u00f3n:<a href=\"https:\/\/bit.ly\/vln_dopa\" target=\"_blank\" rel=\"noreferrer noopener\"> https:\/\/bit.ly\/vln_dopa<\/a><\/li>\n\n\n\n<li><strong>Lista de Contactos de<\/strong> <strong>Emergencia<\/strong><br\/>Incluye familiares, amistades, escuelas y organizaciones de confianza.<\/li>\n\n\n\n<li><strong>Documentos<\/strong> <strong>Importantes<\/strong><br\/>Guarda copias de pasaportes, actas de nacimiento y registros m\u00e9dicos \u2014 en formato f\u00edsico y digital.<\/li>\n\n\n\n<li><strong>Plan<\/strong> <strong>Familiar<\/strong><br\/>Define d\u00f3nde reunirse y c\u00f3mo comunicarse en caso de separaci\u00f3n.<\/li>\n<\/ul>\n\n<div style=\"height:50px\" aria-hidden=\"true\" class=\"wp-block-spacer\"><\/div>\n\n<h4 class=\"wp-block-heading\">\ud83e\udd1d Apoyo para Negocios de Propiedad Latina<\/h4>\n\n<p>LEDC contin\u00faa disponible para apoyar a negocios latinos e inmigrantes que est\u00e9n experimentando interrupciones debido a la actividad de control migratorio. Si necesitas ayuda con: <\/p>\n\n<ul class=\"wp-block-list\">\n<li>Planificaci\u00f3n de continuidad del negocio<\/li>\n\n\n\n<li>N\u00f3mina o temas de personal<\/li>\n\n\n\n<li>Comunicaci\u00f3n con empleados<\/li>\n\n\n\n<li>Referidos a recursos legales o de emergencia<\/li>\n<\/ul>\n\n<div style=\"height:15px\" aria-hidden=\"true\" class=\"wp-block-spacer\"><\/div>\n\n<p>Por favor, cont\u00e1ctanos:<\/p>\n\n<p>\ud83d\udcde <strong>(612) 724-5332<\/strong><strong><br\/><\/strong>\ud83d\udce7 <strong>info@ledcmn.org<\/strong><\/p>\n\n<p>Haremos todo lo posible por conectarte con el apoyo adecuado.<\/p>\n\n<div style=\"height:50px\" aria-hidden=\"true\" class=\"wp-block-spacer\"><\/div>\n\n<h4 class=\"wp-block-heading\">No Est\u00e1s Solo\/a<\/h4>\n\n<p>Sabemos que estos son tiempos dif\u00edciles, pero nuestra comunidad es resiliente. Conocer tus derechos, mantenerte informado\/a y buscar apoyo puede marcar una diferencia crucial. LEDC est\u00e1 con las familias inmigrantes y los negocios latinos en todo Minnesota \u2014 las personas siempre son lo primero.  <\/p>\n\n<p>Por favor, comparte este recurso ampliamente.<\/p>\n","protected":false},"excerpt":{"rendered":"<p>Apoyo y orientaci\u00f3n ante el aumento de la actividad de ICE en Minnesota La reciente intensificaci\u00f3n de las acciones de control migratorio en Minnesota ha generado miedo, incertidumbre y dificultades econ\u00f3micas reales para familias inmigrantes y negocios de propiedad latina. En momentos como estos, contar con informaci\u00f3n clara, confiable y accesible es fundamental. El Centro [&hellip;]<\/p>\n","protected":false},"author":1,"featured_media":10537,"comment_status":"closed","ping_status":"open","sticky":false,"template":"","format":"standard","meta":{"_monsterinsights_skip_tracking":false,"_monsterinsights_sitenote_active":false,"_monsterinsights_sitenote_note":"","_monsterinsights_sitenote_category":0,"footnotes":""},"categories":[17],"tags":[],"class_list":["post-10538","post","type-post","status-publish","format-standard","has-post-thumbnail","hentry","category-noticias"],"_links":{"self":[{"href":"https:\/\/www.ledcmn.org\/es\/wp-json\/wp\/v2\/posts\/10538","targetHints":{"allow":["GET"]}}],"collection":[{"href":"https:\/\/www.ledcmn.org\/es\/wp-json\/wp\/v2\/posts"}],"about":[{"href":"https:\/\/www.ledcmn.org\/es\/wp-json\/wp\/v2\/types\/post"}],"author":[{"embeddable":true,"href":"https:\/\/www.ledcmn.org\/es\/wp-json\/wp\/v2\/users\/1"}],"replies":[{"embeddable":true,"href":"https:\/\/www.ledcmn.org\/es\/wp-json\/wp\/v2\/comments?post=10538"}],"version-history":[{"count":6,"href":"https:\/\/www.ledcmn.org\/es\/wp-json\/wp\/v2\/posts\/10538\/revisions"}],"predecessor-version":[{"id":10868,"href":"https:\/\/www.ledcmn.org\/es\/wp-json\/wp\/v2\/posts\/10538\/revisions\/10868"}],"wp:featuredmedia":[{"embeddable":true,"href":"https:\/\/www.ledcmn.org\/es\/wp-json\/wp\/v2\/media\/10537"}],"wp:attachment":[{"href":"https:\/\/www.ledcmn.org\/es\/wp-json\/wp\/v2\/media?parent=10538"}],"wp:term":[{"taxonomy":"category","embeddable":true,"href":"https:\/\/www.ledcmn.org\/es\/wp-json\/wp\/v2\/categories?post=10538"},{"taxonomy":"post_tag","embeddable":true,"href":"https:\/\/www.ledcmn.org\/es\/wp-json\/wp\/v2\/tags?post=10538"}],"curies":[{"name":"wp","href":"https:\/\/api.w.org\/{rel}","templated":true}]}}